[{"@context":"https:\/\/schema.org\/","@type":"Article","@id":"https:\/\/www.kphv.cz\/vymahani-pohledavek\/#Article","mainEntityOfPage":"https:\/\/www.kphv.cz\/vymahani-pohledavek\/","headline":"Vym\u00e1h\u00e1n\u00ed pohled\u00e1vek","name":"Vym\u00e1h\u00e1n\u00ed pohled\u00e1vek","description":"Cel\u00fd proces vym\u00e1h\u00e1n\u00ed pohled\u00e1vek je zalo\u017een p\u0159es mand\u00e1tn\u00ed smlouvu a plnou moc. Dok\u00e1\u017eeme v\u00e1m zaru\u010dit a\u017e 80 % \u00fasp\u011b\u0161nost. A to je p\u0159eci vysok\u00e9 procento, co \u0159\u00edk\u00e1te? V\u011b\u0159\u00edme, \u017ee s n\u00e1mi souhlas\u00edte a ji\u017e se va\u0161e mysl st\u00e1v\u00e1 klidn\u011bj\u0161\u00ed. V dne\u0161n\u00ed nepokojn\u00e9 dob\u011b v\u00e1m jako jedin\u00ed dok\u00e1\u017eeme nab\u00eddnout optim\u00e1ln\u00ed \u0159e\u0161en\u00ed. Hlavn\u011b rychl\u00e9 \u0159e\u0161en\u00ed vym\u00e1h\u00e1n\u00ed pohled\u00e1vek. [&hellip;]","datePublished":"2025-03-12","dateModified":"2025-03-12","author":{"@type":"Person","@id":"https:\/\/www.kphv.cz\/author\/#Person","name":"","url":"https:\/\/www.kphv.cz\/author\/","identifier":1,"image":{"@type":"ImageObject","@id":"https:\/\/secure.gravatar.com\/avatar\/82449f5dd313bdc88befc1a2d3138ce45c5e7d5eeee84221e3cf7fbc184b80d3?s=96&d=mm&r=g","url":"https:\/\/secure.gravatar.com\/avatar\/82449f5dd313bdc88befc1a2d3138ce45c5e7d5eeee84221e3cf7fbc184b80d3?s=96&d=mm&r=g","height":96,"width":96}},"publisher":{"@type":"Organization","name":"kphv.cz","logo":{"@type":"ImageObject","@id":"\/logo.png","url":"\/logo.png","width":600,"height":60}},"url":"https:\/\/www.kphv.cz\/vymahani-pohledavek\/","wordCount":171,"articleBody":"Cel\u00fd proces vym\u00e1h\u00e1n\u00ed pohled\u00e1vek je zalo\u017een p\u0159es mand\u00e1tn\u00ed smlouvu a plnou moc. Dok\u00e1\u017eeme v\u00e1m zaru\u010dit a\u017e 80 % \u00fasp\u011b\u0161nost. A to je p\u0159eci vysok\u00e9 procento, co \u0159\u00edk\u00e1te? V\u011b\u0159\u00edme, \u017ee s n\u00e1mi souhlas\u00edte a ji\u017e se va\u0161e mysl st\u00e1v\u00e1 klidn\u011bj\u0161\u00ed.V dne\u0161n\u00ed nepokojn\u00e9 dob\u011b v\u00e1m jako jedin\u00ed dok\u00e1\u017eeme nab\u00eddnout optim\u00e1ln\u00ed \u0159e\u0161en\u00ed. Hlavn\u011b rychl\u00e9 \u0159e\u0161en\u00ed vym\u00e1h\u00e1n\u00ed pohled\u00e1vek. Nen\u00ed ojedin\u011bl\u00fdm p\u0159\u00edpadem, \u017ee dlu\u017en\u00edk se v\u00e1m sna\u017e\u00ed vyh\u00fdbat. Cel\u00e1 situace se st\u00e1le cyklicky opakuje.Nebu\u010fte dobro\u010dinnou charitouKdy\u017e n\u011bkomu p\u016fj\u010d\u00edte, m\u00e1te z toho dobr\u00fd pocit, \u017ee jste vlastn\u011b ud\u011blali dobr\u00fd skutek, \u017ee jste n\u011bkomu pomohli, kdo pomoc v nouzi nal\u00e9hav\u011b pot\u0159eboval! Va\u0161e \u010dek\u00e1n\u00ed v\u00e1s ji\u017e nenech\u00e1 v klidu a tak se za\u010dnete pt\u00e1t a dlu\u017en\u00edka pro vym\u00e1h\u00e1n\u00ed pohled\u00e1vky kontaktovat.                                                                                                                                                                                                                                                                                                                                                                                        4\/5 - (1 vote)        "},{"@context":"https:\/\/schema.org\/","@type":"BreadcrumbList","itemListElement":[{"@type":"ListItem","position":1,"name":"Vym\u00e1h\u00e1n\u00ed pohled\u00e1vek","item":"https:\/\/www.kphv.cz\/vymahani-pohledavek\/#breadcrumbitem"}]}]