[{"@context":"https:\/\/schema.org\/","@type":"Article","@id":"https:\/\/www.kphv.cz\/pronajmete-si-nase-vozidla\/#Article","mainEntityOfPage":"https:\/\/www.kphv.cz\/pronajmete-si-nase-vozidla\/","headline":"Pronajm\u011bte si na\u0161e vozidla","name":"Pronajm\u011bte si na\u0161e vozidla","description":"Chcete u\u0161et\u0159it za st\u011bhov\u00e1n\u00ed? V takov\u00e9m p\u0159\u00edpad\u011b bude nejlep\u0161\u00ed se obr\u00e1tit na n\u00e1s. Jsme p\u016fj\u010dovna dod\u00e1vek Brno. Pr\u00e1v\u011b tady v\u00e1m m\u016f\u017eeme nab\u00eddnout v\u0161echno, co budete pot\u0159ebovat. Krom\u011b vhodn\u00e9ho vozidla to bude i dal\u0161\u00ed st\u011bhovac\u00ed technika. Sta\u010d\u00ed kdykoliv p\u0159ij\u00edt a objednat si na\u0161e slu\u017eby. Jsme na\u0161im klient\u016fm k dispozici po cel\u00fdch 24 hodin ka\u017ed\u00fd den. Na\u0161im [&hellip;]","datePublished":"2025-01-03","dateModified":"2025-01-03","author":{"@type":"Person","@id":"https:\/\/www.kphv.cz\/author\/#Person","name":"","url":"https:\/\/www.kphv.cz\/author\/","identifier":1,"image":{"@type":"ImageObject","@id":"https:\/\/secure.gravatar.com\/avatar\/82449f5dd313bdc88befc1a2d3138ce45c5e7d5eeee84221e3cf7fbc184b80d3?s=96&d=mm&r=g","url":"https:\/\/secure.gravatar.com\/avatar\/82449f5dd313bdc88befc1a2d3138ce45c5e7d5eeee84221e3cf7fbc184b80d3?s=96&d=mm&r=g","height":96,"width":96}},"publisher":{"@type":"Organization","name":"kphv.cz","logo":{"@type":"ImageObject","@id":"\/logo.png","url":"\/logo.png","width":600,"height":60}},"url":"https:\/\/www.kphv.cz\/pronajmete-si-nase-vozidla\/","wordCount":186,"articleBody":"Chcete u\u0161et\u0159it za st\u011bhov\u00e1n\u00ed? V takov\u00e9m p\u0159\u00edpad\u011b bude nejlep\u0161\u00ed se obr\u00e1tit na n\u00e1s. Jsme p\u016fj\u010dovna dod\u00e1vek Brno. Pr\u00e1v\u011b tady v\u00e1m m\u016f\u017eeme nab\u00eddnout v\u0161echno, co budete pot\u0159ebovat. Krom\u011b vhodn\u00e9ho vozidla to bude i dal\u0161\u00ed st\u011bhovac\u00ed technika. Sta\u010d\u00ed kdykoliv p\u0159ij\u00edt a objednat si na\u0161e slu\u017eby. Jsme na\u0161im klient\u016fm k dispozici po cel\u00fdch 24 hodin ka\u017ed\u00fd den. Na\u0161im z\u00e1kazn\u00edk\u016fm vych\u00e1z\u00edme v\u017edycky vst\u0159\u00edc Na\u0161e p\u016fj\u010dovna dod\u00e1vek umo\u017e\u0148uje sv\u00fdm z\u00e1kazn\u00edk\u016fm p\u0159ij\u00edt nejen v pracovn\u00edch dnech, ale tak\u00e9 o sobot\u00e1ch, ned\u011bl\u00edch nebo o sv\u00e1tc\u00edch. To v\u0161ak zdaleka nen\u00ed v\u0161echno. Pracujeme ka\u017ed\u00fd den po cel\u00fdch 24 hodin. Proto n\u00e1m ned\u011bl\u00e1 pot\u00ed\u017ee v\u00e1m poskytnout automobil t\u0159eba v pozdn\u00edch no\u010dn\u00edch hodin\u00e1ch nebo brzy r\u00e1no. Tot\u00e9\u017e plat\u00ed, kdy\u017e je budete vracet. T\u011b\u0161\u00edme se na spolupr\u00e1ci s v\u00e1mi.                                                                                                                                                                                                                                                                                                                                                                                        4.3\/5 - (3 votes)        "},{"@context":"https:\/\/schema.org\/","@type":"BreadcrumbList","itemListElement":[{"@type":"ListItem","position":1,"name":"Pronajm\u011bte si na\u0161e vozidla","item":"https:\/\/www.kphv.cz\/pronajmete-si-nase-vozidla\/#breadcrumbitem"}]}]