[{"@context":"https:\/\/schema.org\/","@type":"Article","@id":"https:\/\/www.kphv.cz\/mit-pohodlny-nabytek-v-kancelari-je-velmi-dulezite\/#Article","mainEntityOfPage":"https:\/\/www.kphv.cz\/mit-pohodlny-nabytek-v-kancelari-je-velmi-dulezite\/","headline":"M\u00edt pohodln\u00fd n\u00e1bytek v kancel\u00e1\u0159i je velmi d\u016fle\u017eit\u00e9","name":"M\u00edt pohodln\u00fd n\u00e1bytek v kancel\u00e1\u0159i je velmi d\u016fle\u017eit\u00e9","description":"Kdo kdy d\u011blal dlouh\u00e9 hodiny v kancel\u00e1\u0159i, v\u00ed, \u017ee sed\u011bt na n\u011bjak\u00e9 prkenn\u00e9 \u017eidli a nutit se udr\u017eet pozornost, kdy\u017e v\u00e1s do kost\u00ed \u0159e\u017ee n\u011bjak\u00fd velmi divn\u00fd tvar nekvalitn\u00ed kancel\u00e1\u0159sk\u00e9 \u017eidle je po\u0159\u00e1dn\u00e9 peklo. A to ani nemluv\u00edme o t\u011bch situac\u00edch, kdy je \u010dlov\u011bk pon\u011bkud vzrostlej\u0161\u00ed a b\u011b\u017en\u011b se \u201evyskytuj\u00edc\u00ed\u201c st\u016fl v kancel\u00e1\u0159i je tak [&hellip;]","datePublished":"2018-09-01","dateModified":"2023-05-01","author":{"@type":"Person","@id":"https:\/\/www.kphv.cz\/author\/#Person","name":"","url":"https:\/\/www.kphv.cz\/author\/","identifier":1,"image":{"@type":"ImageObject","@id":"https:\/\/secure.gravatar.com\/avatar\/82449f5dd313bdc88befc1a2d3138ce45c5e7d5eeee84221e3cf7fbc184b80d3?s=96&d=mm&r=g","url":"https:\/\/secure.gravatar.com\/avatar\/82449f5dd313bdc88befc1a2d3138ce45c5e7d5eeee84221e3cf7fbc184b80d3?s=96&d=mm&r=g","height":96,"width":96}},"publisher":{"@type":"Organization","name":"kphv.cz","logo":{"@type":"ImageObject","@id":"\/logo.png","url":"\/logo.png","width":600,"height":60}},"image":{"@type":"ImageObject","@id":"https:\/\/www.kphv.cz\/wp-content\/uploads\/img_a326111_w2704_t1538230274.jpg","url":"https:\/\/www.kphv.cz\/wp-content\/uploads\/img_a326111_w2704_t1538230274.jpg","height":0,"width":0},"url":"https:\/\/www.kphv.cz\/mit-pohodlny-nabytek-v-kancelari-je-velmi-dulezite\/","about":["V\u00fdrobky"],"wordCount":396,"articleBody":" Kdo kdy d\u011blal dlouh\u00e9 hodiny v kancel\u00e1\u0159i, v\u00ed, \u017ee sed\u011bt na n\u011bjak\u00e9 prkenn\u00e9 \u017eidli a nutit se udr\u017eet pozornost, kdy\u017e v\u00e1s do kost\u00ed \u0159e\u017ee n\u011bjak\u00fd velmi divn\u00fd tvar nekvalitn\u00ed kancel\u00e1\u0159sk\u00e9 \u017eidle je po\u0159\u00e1dn\u00e9 peklo. A to ani nemluv\u00edme o t\u011bch situac\u00edch, kdy je \u010dlov\u011bk pon\u011bkud vzrostlej\u0161\u00ed a b\u011b\u017en\u011b se \u201evyskytuj\u00edc\u00ed\u201c st\u016fl v kancel\u00e1\u0159i je tak mal\u00fd, \u017ee se \u010dlov\u011bk mus\u00ed zoh\u00fdbat, aby v\u016fbec vid\u011bl. Kdo by to byl \u0159ekl, \u017ee bude m\u00edt podstatn\u00fd vliv na kvalitu tak\u00e9 kvalita n\u00e1bytku, kter\u00fd je um\u00edst\u011bn v kancel\u00e1\u0159i. M\u016f\u017eete b\u00fdt majitel spole\u010dnosti, CEO nebo jenom n\u011bjak\u00fd vedouc\u00ed. \u010casto se podivujete, \u017ee va\u0161i zam\u011bstnanci jsou cel\u00ed pol\u00e1man\u00ed, \u010dasto si odskakuj\u00ed a d\u011blaj\u00ed spoustu jin\u00fdch v\u011bc\u00ed ne\u017e pr\u00e1ci? Tak mo\u017en\u00e1 to bude t\u00edm, \u017ee se nec\u00edt\u00ed tak \u00fapln\u011b dob\u0159e ve sv\u00e9m kancel\u00e1\u0159sk\u00e9m m\u00edst\u011b. Samoz\u0159ejm\u011b, nelze individualizovat \u00fapln\u011b ka\u017ed\u00e9 pracovn\u00ed m\u00edsto, je v\u0161ak dost velk\u00fd prostor proto, abyste vybrali to naprosto nejlep\u0161\u00ed, co si v\u00e1\u0161 firemn\u00ed rozpo\u010det m\u016f\u017ee dovolit. Firm\u011b se to desetkr\u00e1t vr\u00e1t\u00ed Jen si vezm\u011bte, kolik pr\u00e1ce ud\u011bl\u00e1 takov\u00fd zam\u011bstnanec, kter\u00fd se ka\u017edou chv\u00edli mus\u00ed n\u011bjak p\u0159esouvat a putovat po \u017eidli A kolik takov\u00e9 pr\u00e1ce ud\u011bl\u00e1 zam\u011bstnanec, kter\u00fd pohodln\u011b sed\u00ed v klidu t\u0159ebas n\u011bkolik hodin. Samoz\u0159ejm\u011b, \u017ee ten, kter\u00fd netr\u00e1v\u00ed \u010das vrcen\u00edm, ale prac\u00ed. A k tomu v\u0161emu p\u0159isp\u00edv\u00e1 nejen dobr\u00e1 \u017eidle, ale samoz\u0159ejm\u011b tak\u00e9 ostatn\u00ed n\u00e1bytek. Je hrozn\u011b d\u016fle\u017eit\u00e9 zvolit takov\u00fd standard, kter\u00fd vyhovuje firemn\u00ed \u201epopulaci\u201c. Dejme tomu, \u017ee 75 procent cel\u00e9 firmy jsou lid\u00e9 vysoc\u00ed nad 180 centimetr\u016f. Je hloupost kupovat stoly, ur\u010den\u00e9 pro 160 centimetrov\u00e9 zam\u011bstnance, kdy\u017e v\u00edte, \u017ee faktick\u00fd stav je \u00fapln\u011b n\u011bco jin\u00e9ho. To je \u010dir\u00e9 bl\u00e1znovstv\u00ed.  v\u00e1m proto rad\u00ed &#8211; myslete na to nejd\u016fle\u017eit\u011bj\u0161\u00ed a to je p\u0159edev\u0161\u00edm pohodl\u00ed va\u0161ich zam\u011bstnanc\u016f. Jakmile budou v \u201epohod\u011b\u201c a nic je nebude p\u00edchat, bolet a \u0159ezat, tak se mnohem v\u00edce za\u0159e\u017eou na opl\u00e1tku do pr\u00e1ce, co\u017e je p\u0159esn\u011b to, co chceme.                                                                                                                                                                                                                                                                                                                                                                                         4.3\/5 - (14 votes)        "},{"@context":"https:\/\/schema.org\/","@type":"BreadcrumbList","itemListElement":[{"@type":"ListItem","position":1,"name":"M\u00edt pohodln\u00fd n\u00e1bytek v kancel\u00e1\u0159i je velmi d\u016fle\u017eit\u00e9","item":"https:\/\/www.kphv.cz\/mit-pohodlny-nabytek-v-kancelari-je-velmi-dulezite\/#breadcrumbitem"}]}]