[{"@context":"https:\/\/schema.org\/","@type":"Article","@id":"https:\/\/www.kphv.cz\/maly-byt-se-da-opticky-zvetsit\/#Article","mainEntityOfPage":"https:\/\/www.kphv.cz\/maly-byt-se-da-opticky-zvetsit\/","headline":"Mal\u00fd byt se d\u00e1 opticky zv\u011bt\u0161it","name":"Mal\u00fd byt se d\u00e1 opticky zv\u011bt\u0161it","description":"M\u00e1te mal\u00fd byt, ale tr\u00e1p\u00ed v\u00e1s, \u017ee a\u010d se sna\u017e\u00edte, se\u010d m\u016f\u017eete, tak vypad\u00e1 je\u0161t\u011b mnohem men\u0161\u00ed, ne\u017e jak mu n\u00e1le\u017e\u00ed. Co s\u00a0t\u00edm? Vsa\u010fte na f\u00edgle, kter\u00e9 v\u00e1m pomohou v\u00e1\u0161 byt zv\u011bt\u0161it \u2013 tedy alespo\u0148 opticky. P\u0159i za\u0159izov\u00e1n\u00ed bytu je pot\u0159eba myslet na to, \u017ee ka\u017ed\u00fd byt by m\u011bl b\u00fdt origin\u00e1l a m\u011bl by odr\u00e1\u017eet [&hellip;]","datePublished":"2025-02-26","dateModified":"2023-05-01","author":{"@type":"Person","@id":"https:\/\/www.kphv.cz\/author\/#Person","name":"","url":"https:\/\/www.kphv.cz\/author\/","identifier":1,"image":{"@type":"ImageObject","@id":"https:\/\/secure.gravatar.com\/avatar\/82449f5dd313bdc88befc1a2d3138ce45c5e7d5eeee84221e3cf7fbc184b80d3?s=96&d=mm&r=g","url":"https:\/\/secure.gravatar.com\/avatar\/82449f5dd313bdc88befc1a2d3138ce45c5e7d5eeee84221e3cf7fbc184b80d3?s=96&d=mm&r=g","height":96,"width":96}},"publisher":{"@type":"Organization","name":"kphv.cz","logo":{"@type":"ImageObject","@id":"\/logo.png","url":"\/logo.png","width":600,"height":60}},"image":{"@type":"ImageObject","@id":"https:\/\/www.kphv.cz\/wp-content\/uploads\/img_a329808_w2704_t1542368534.jpg","url":"https:\/\/www.kphv.cz\/wp-content\/uploads\/img_a329808_w2704_t1542368534.jpg","height":0,"width":0},"url":"https:\/\/www.kphv.cz\/maly-byt-se-da-opticky-zvetsit\/","about":["Bydlen\u00ed"],"wordCount":438,"articleBody":"M\u00e1te mal\u00fd byt, ale tr\u00e1p\u00ed v\u00e1s, \u017ee a\u010d se sna\u017e\u00edte, se\u010d m\u016f\u017eete, tak vypad\u00e1 je\u0161t\u011b mnohem men\u0161\u00ed, ne\u017e jak mu n\u00e1le\u017e\u00ed. Co s\u00a0t\u00edm? Vsa\u010fte na f\u00edgle, kter\u00e9 v\u00e1m pomohou v\u00e1\u0161 byt zv\u011bt\u0161it \u2013 tedy alespo\u0148 opticky.P\u0159i za\u0159izov\u00e1n\u00ed bytu je pot\u0159eba myslet na to, \u017ee ka\u017ed\u00fd byt by m\u011bl b\u00fdt origin\u00e1l a m\u011bl by odr\u00e1\u017eet charakter jeho majitele. A kdy\u017e jej za\u0159izujete, m\u011bli byste v\u00a0prvn\u00ed \u0159ad\u011b myslet nejen na to, jak\u00e9 jsou aktu\u00e1ln\u00ed trendy, a co maj\u00ed doma va\u0161i p\u0159\u00e1tel\u00e9, ale tak\u00e9 na to, jak\u00e9 jsou specifick\u00e9 vlastnosti va\u0161eho bydlen\u00ed. Jde tedy o to, zamyslet se nad t\u00edm, co se v\u00e1m konkr\u00e9tn\u011b l\u00edb\u00ed, a co jednodu\u0161e mus\u00edte m\u00edt, a tak\u00e9, \u010d\u00edm je va\u0161e bydlen\u00ed typick\u00e9, a \u010demu se tedy budete nutn\u011b muset p\u0159izp\u016fsobit.A pr\u00e1v\u011b takov\u00fdm specifick\u00fdm po\u017eadavkem m\u016f\u017ee b\u00fdt pr\u00e1v\u011b velikost va\u0161eho prostoru. Jestli\u017ee tedy pot\u0159ebujete sv\u016fj byt opticky zv\u011bt\u0161it, m\u011bli byste se sna\u017eit dostat do n\u011bj co nejv\u00edce sv\u011btla. A to plat\u00ed nejen pro velk\u00e1 okna a prosklen\u00e9 terasy, ale tak\u00e9 pro barvy, kter\u00fdmi sv\u016fj byt vymalujete. V\u00a0tomto ohledu je nejvhodn\u011bj\u0161\u00ed barvou b\u00edl\u00e1. Pokud s\u00a0n\u00ed m\u00e1te probl\u00e9m, v\u00a0ka\u017ed\u00e9m p\u0159\u00edpad\u011b s\u00e1hn\u011bte po barv\u00e1ch sv\u011btl\u00fdch odst\u00edn\u016f. A jestli\u017ee si nedok\u00e1\u017eete odpustit v\u00fdraznou tmavou barvu anebo tapetu, m\u011bli byste ji udr\u017eet pouze na jedn\u00e9 st\u011bn\u011b.Podobn\u00e9 je to i s\u00a0vybavov\u00e1n\u00edm bytu koberci. Jestli\u017ee chcete m\u00edt na zemi koberce, vyhn\u011bte se mal\u00fdm kousk\u016fm. Je jasn\u00e9, \u017ee pr\u00e1v\u011b ty b\u00fdvaj\u00ed nejlevn\u011bj\u0161\u00ed a se zaj\u00edmav\u00fdm designem, nicm\u00e9n\u011b velk\u00fd koberec, ide\u00e1ln\u011b na celou podlahu, v\u00e1\u0161 byt opticky roz\u0161\u00ed\u0159\u00ed.A za t\u0159et\u00ed, vyhn\u011bte se tomu, abyste sv\u00e9 bydlen\u00ed p\u0159eplnili r\u016fzn\u00fdmi v\u011bcmi, p\u0159edev\u0161\u00edm n\u00e1bytkem. \u010c\u00edm v\u00edce n\u00e1bytku a r\u016fzn\u00fdch dekorac\u00ed, t\u00edm bude prostor vypadat men\u0161\u00ed. St\u0159\u00edzlivost je tedy na m\u00edst\u011b. Jestli\u017ee v\u0161ak m\u00e1te sv\u016fj byt p\u0159ecpan\u00fd v\u011bcmi, kter\u00e9 u\u017e nem\u00e1te kam d\u00e1vat, po\u0159i\u010fte si praktickou vestav\u011bnou sk\u0159\u00ed\u0148, do kter\u00e9 se vejde v\u0161echno pot\u0159ebn\u00e9 a interi\u00e9r d\u00edky n\u00ed z\u016fstane na pohled t\u00e9m\u011b\u0159 pr\u00e1zdn\u00fd.\u00a0                                                                                                                                                                                                                                                                                                                                                                                        4.1\/5 - (10 votes)        "},{"@context":"https:\/\/schema.org\/","@type":"BreadcrumbList","itemListElement":[{"@type":"ListItem","position":1,"name":"Mal\u00fd byt se d\u00e1 opticky zv\u011bt\u0161it","item":"https:\/\/www.kphv.cz\/maly-byt-se-da-opticky-zvetsit\/#breadcrumbitem"}]}]