[{"@context":"https:\/\/schema.org\/","@type":"Article","@id":"https:\/\/www.kphv.cz\/co-jste-o-svetelnych-zdrojich-mozna-nevedeli\/#Article","mainEntityOfPage":"https:\/\/www.kphv.cz\/co-jste-o-svetelnych-zdrojich-mozna-nevedeli\/","headline":"Co jste o sv\u011bteln\u00fdch zdroj\u00edch mo\u017en\u00e1 nev\u011bd\u011bli","name":"Co jste o sv\u011bteln\u00fdch zdroj\u00edch mo\u017en\u00e1 nev\u011bd\u011bli","description":"Olomouck\u00fd kraj vede \u2013 v \u010cesk\u00e9 republice se ka\u017ed\u00fd den rozsv\u00edt\u00ed v\u00edce ne\u017e 70 milion\u016f sv\u011bteln\u00fdch zdroj\u016f \u2013 \u017e\u00e1rovek, v\u00fdbojek, z\u00e1\u0159ivek, bodovek atd. Ve statistick\u00fdch m\u011b\u0159en\u00edch vede olomouck\u00fd kraj a n\u00e1sleduj\u00ed kraje Kr\u00e1lov\u00e9hradeck\u00fd a Jiho\u010desk\u00fd. Nej\u00fasporn\u011bji se sv\u00edt\u00ed na Vyso\u010din\u011b a v kraji Plze\u0148sk\u00e9m \u2013 v porovn\u00e1n\u00ed s Olomouck\u00fdm krajem je to p\u0159ibli\u017en\u011b o polovinu [&hellip;]","datePublished":"2019-03-12","dateModified":"2023-05-01","author":{"@type":"Person","@id":"https:\/\/www.kphv.cz\/author\/#Person","name":"","url":"https:\/\/www.kphv.cz\/author\/","identifier":1,"image":{"@type":"ImageObject","@id":"https:\/\/secure.gravatar.com\/avatar\/82449f5dd313bdc88befc1a2d3138ce45c5e7d5eeee84221e3cf7fbc184b80d3?s=96&d=mm&r=g","url":"https:\/\/secure.gravatar.com\/avatar\/82449f5dd313bdc88befc1a2d3138ce45c5e7d5eeee84221e3cf7fbc184b80d3?s=96&d=mm&r=g","height":96,"width":96}},"publisher":{"@type":"Organization","name":"kphv.cz","logo":{"@type":"ImageObject","@id":"\/logo.png","url":"\/logo.png","width":600,"height":60}},"image":{"@type":"ImageObject","@id":"https:\/\/www.kphv.cz\/wp-content\/uploads\/img_a339382_w2704_t1552646387.jpg","url":"https:\/\/www.kphv.cz\/wp-content\/uploads\/img_a339382_w2704_t1552646387.jpg","height":0,"width":0},"url":"https:\/\/www.kphv.cz\/co-jste-o-svetelnych-zdrojich-mozna-nevedeli\/","about":["V\u00fdrobky"],"wordCount":394,"articleBody":"Olomouck\u00fd kraj vede \u2013 v \u010cesk\u00e9 republice se ka\u017ed\u00fd den rozsv\u00edt\u00ed v\u00edce ne\u017e 70 milion\u016f sv\u011bteln\u00fdch zdroj\u016f \u2013 \u017e\u00e1rovek, v\u00fdbojek, z\u00e1\u0159ivek, bodovek atd. Ve statistick\u00fdch m\u011b\u0159en\u00edch vede olomouck\u00fd kraj a n\u00e1sleduj\u00ed kraje Kr\u00e1lov\u00e9hradeck\u00fd a Jiho\u010desk\u00fd. Nej\u00fasporn\u011bji se sv\u00edt\u00ed na Vyso\u010din\u011b a v kraji Plze\u0148sk\u00e9m \u2013 v porovn\u00e1n\u00ed s Olomouck\u00fdm krajem je to p\u0159ibli\u017en\u011b o polovinu m\u00e9n\u011b .P\u0159evaha LED versus wolframov\u00fdch vl\u00e1ken \u2013 v souvislosti s t\u00edm by bylo zaj\u00edmav\u00e9 uv\u00e9st, \u017ee je\u0161t\u011b v roce 2015 v na\u0161ich dom\u00e1cnostech p\u0159eva\u017eoval po\u010det \u017e\u00e1rovek s wolframov\u00fdm vl\u00e1knem. Bylo jich t\u00e9m\u011b\u0159 40 procent. Zhruba 37 procent tvo\u0159ily \u00fasporky (kompaktn\u00ed z\u00e1\u0159ivky), 10 procent halogenov\u00e1 sv\u00edtidla a pouze 8 procent LED \u017e\u00e1rovky. Line\u00e1rn\u00ed z\u00e1\u0159ivky tvo\u0159ily pouh\u00e1 3 procenta a v\u00fdbojky jen 2 procenta. O t\u0159i roky pozd\u011bji se po\u010det vl\u00e1knov\u00fdch \u017e\u00e1rovek v dom\u00e1cnostech sn\u00ed\u017eil na pouh\u00fdch10 procent a v\u00fdrazn\u011b vzrostla p\u0159evaha LED osv\u011btlen\u00ed, to dnes tvo\u0159\u00ed t\u00e9m\u011b\u0159 60 % ve\u0161ker\u00fdch osv\u011btlovac\u00edch zdroj\u016f.Rtu\u0165 \u2013 jedovat\u00e1 rtu\u0165 je v kompaktn\u00edch z\u00e1\u0159ivk\u00e1ch zastoupena jen v minim\u00e1ln\u00ed m\u00ed\u0159e, v\u011bt\u0161inou pokr\u00fdv\u00e1 luminiscen\u010dn\u00ed vrstvou sklen\u011bnou ba\u0148ku, a kdy\u017e se rozbije, do ovzdu\u0161\u00ed se t\u00e9m\u011b\u0159 nerozpt\u00fdl\u00ed. V takov\u00e9m p\u0159\u00edpad\u011b nen\u00ed t\u0159eba panika\u0159it, hor\u0161\u00ed situace nast\u00e1v\u00e1 ve chv\u00edli, kdy se tyto z\u00e1\u0159ivky recykluj\u00ed, tam jde o \u0159\u00e1dov\u011b velk\u00e9 mno\u017estv\u00ed kus\u016f a proces likvidace rtuti je n\u00e1ro\u010dn\u00fd. Rtu\u0165 je tak\u00e9 jeden z d\u016fvod\u016f, pro\u010d lid\u00e9 rad\u011bji nakupuj\u00ed LED diodov\u00e9 \u017e\u00e1rovky, ty ji toti\u017e neobsahuj\u00ed v\u016fbec.Sm\u011bsn\u00fd odpad \u2013 bohu\u017eel i p\u0159es snahu p\u016fsobit formou osv\u011bty, se st\u00e1le objevuje v komun\u00e1ln\u00edm odpadu zna\u010dn\u00e9 mno\u017estv\u00ed \u201e\u00fasporek\u201c. Odhaduje se, \u017ee ka\u017ed\u00fd rok skon\u010d\u00ed na skl\u00e1dk\u00e1ch nebo dokonce ve spalovn\u00e1ch p\u0159ibli\u017en\u011b 10 kg rtuti, co\u017e odpov\u00edd\u00e1 p\u0159ibli\u017en\u011b t\u0159etin\u011b v\u0161ech doslou\u017eil\u00fdch \u00fasporek vyhozen\u00fdch nezodpov\u011bdn\u00fdmi lidmi do b\u011b\u017en\u00e9 popelnice. I p\u0159esto je \u010cesk\u00e1 republika \u201evzorn\u00e1\u201c ve srovn\u00e1n\u00ed s jin\u00fdmi evropsk\u00fdmi zem\u011bmi, kde lid\u00e9 odpad t\u0159\u00edd\u00ed velmi sporadicky.                                                                                                                                                                                                                                                                                                                                                                                        4.8\/5 - (15 votes)        "},{"@context":"https:\/\/schema.org\/","@type":"BreadcrumbList","itemListElement":[{"@type":"ListItem","position":1,"name":"Co jste o sv\u011bteln\u00fdch zdroj\u00edch mo\u017en\u00e1 nev\u011bd\u011bli","item":"https:\/\/www.kphv.cz\/co-jste-o-svetelnych-zdrojich-mozna-nevedeli\/#breadcrumbitem"}]}]