{"@context":"https:\/\/schema.org\/","@type":"CollectionPage","@id":"https:\/\/www.kphv.cz\/auto-moto\/#CollectionPage","headline":"Auto moto Category","description":"","url":"https:\/\/www.kphv.cz\/auto-moto\/","hasPart":[{"@type":"Article","@id":"https:\/\/www.kphv.cz\/jak-vybrat-autosedacku-a-jak-v-ni-vozit-deti\/","headline":"Jak vybrat autoseda\u010dku a jak v n\u00ed vozit d\u011bti","url":"https:\/\/www.kphv.cz\/jak-vybrat-autosedacku-a-jak-v-ni-vozit-deti\/","datePublished":"2025-02-28","dateModified":"2023-05-01","mainEntityOfPage":"https:\/\/www.kphv.cz\/jak-vybrat-autosedacku-a-jak-v-ni-vozit-deti\/","author":{"@type":"Person","@id":"https:\/\/www.kphv.cz\/author\/#Person","name":"","url":"https:\/\/www.kphv.cz\/author\/","identifier":1,"image":{"@type":"ImageObject","@id":"https:\/\/secure.gravatar.com\/avatar\/82449f5dd313bdc88befc1a2d3138ce45c5e7d5eeee84221e3cf7fbc184b80d3?s=96&d=mm&r=g","url":"https:\/\/secure.gravatar.com\/avatar\/82449f5dd313bdc88befc1a2d3138ce45c5e7d5eeee84221e3cf7fbc184b80d3?s=96&d=mm&r=g","height":96,"width":96}},"publisher":{"@type":"Organization","name":"kphv.cz","logo":{"@type":"ImageObject","@id":"\/logo.png","url":"\/logo.png","width":600,"height":60}},"image":{"@type":"ImageObject","@id":"https:\/\/www.kphv.cz\/wp-content\/uploads\/img_a336550_w2704_t1549961907.jpg","url":"https:\/\/www.kphv.cz\/wp-content\/uploads\/img_a336550_w2704_t1549961907.jpg","height":0,"width":0},"keywords":null},{"@type":"Article","@id":"https:\/\/www.kphv.cz\/jak-pripravit-nase-auto-na-zimu\/","headline":"Jak p\u0159ipravit na\u0161e auto na zimu","url":"https:\/\/www.kphv.cz\/jak-pripravit-nase-auto-na-zimu\/","datePublished":"2025-02-25","dateModified":"2023-05-01","mainEntityOfPage":"https:\/\/www.kphv.cz\/jak-pripravit-nase-auto-na-zimu\/","author":{"@type":"Person","@id":"https:\/\/www.kphv.cz\/author\/#Person","name":"","url":"https:\/\/www.kphv.cz\/author\/","identifier":1,"image":{"@type":"ImageObject","@id":"https:\/\/secure.gravatar.com\/avatar\/82449f5dd313bdc88befc1a2d3138ce45c5e7d5eeee84221e3cf7fbc184b80d3?s=96&d=mm&r=g","url":"https:\/\/secure.gravatar.com\/avatar\/82449f5dd313bdc88befc1a2d3138ce45c5e7d5eeee84221e3cf7fbc184b80d3?s=96&d=mm&r=g","height":96,"width":96}},"publisher":{"@type":"Organization","name":"kphv.cz","logo":{"@type":"ImageObject","@id":"\/logo.png","url":"\/logo.png","width":600,"height":60}},"image":{"@type":"ImageObject","@id":"https:\/\/www.kphv.cz\/wp-content\/uploads\/img_a329236_w2704_t1541671042.jpg","url":"https:\/\/www.kphv.cz\/wp-content\/uploads\/img_a329236_w2704_t1541671042.jpg","height":0,"width":0},"keywords":null},{"@type":"Article","@id":"https:\/\/www.kphv.cz\/jezdete-opatrne\/","headline":"Jezd\u011bte opatrn\u011b","url":"https:\/\/www.kphv.cz\/jezdete-opatrne\/","datePublished":"2023-03-11","dateModified":"2023-03-11","mainEntityOfPage":"https:\/\/www.kphv.cz\/jezdete-opatrne\/","author":{"@type":"Person","@id":"https:\/\/www.kphv.cz\/author\/#Person","name":"","url":"https:\/\/www.kphv.cz\/author\/","identifier":1,"image":{"@type":"ImageObject","@id":"https:\/\/secure.gravatar.com\/avatar\/82449f5dd313bdc88befc1a2d3138ce45c5e7d5eeee84221e3cf7fbc184b80d3?s=96&d=mm&r=g","url":"https:\/\/secure.gravatar.com\/avatar\/82449f5dd313bdc88befc1a2d3138ce45c5e7d5eeee84221e3cf7fbc184b80d3?s=96&d=mm&r=g","height":96,"width":96}},"publisher":{"@type":"Organization","name":"kphv.cz","logo":{"@type":"ImageObject","@id":"\/logo.png","url":"\/logo.png","width":600,"height":60}},"image":{"@type":"ImageObject","@id":"https:\/\/www.kphv.cz\/wp-content\/uploads\/ford-2705402_960_720_4.jpg","url":"https:\/\/www.kphv.cz\/wp-content\/uploads\/ford-2705402_960_720_4.jpg","height":0,"width":0},"keywords":null},{"@type":"Article","@id":"https:\/\/www.kphv.cz\/zalezi-u-automobilu-na-barve-karoserie\/","headline":"Z\u00e1le\u017e\u00ed u automobilu na barv\u011b karos\u00e9rie?","url":"https:\/\/www.kphv.cz\/zalezi-u-automobilu-na-barve-karoserie\/","datePublished":"2022-08-31","dateModified":"2022-08-31","mainEntityOfPage":"https:\/\/www.kphv.cz\/zalezi-u-automobilu-na-barve-karoserie\/","author":{"@type":"Person","@id":"https:\/\/www.kphv.cz\/author\/#Person","name":"","url":"https:\/\/www.kphv.cz\/author\/","identifier":1,"image":{"@type":"ImageObject","@id":"https:\/\/secure.gravatar.com\/avatar\/82449f5dd313bdc88befc1a2d3138ce45c5e7d5eeee84221e3cf7fbc184b80d3?s=96&d=mm&r=g","url":"https:\/\/secure.gravatar.com\/avatar\/82449f5dd313bdc88befc1a2d3138ce45c5e7d5eeee84221e3cf7fbc184b80d3?s=96&d=mm&r=g","height":96,"width":96}},"publisher":{"@type":"Organization","name":"kphv.cz","logo":{"@type":"ImageObject","@id":"\/logo.png","url":"\/logo.png","width":600,"height":60}},"image":{"@type":"ImageObject","@id":"https:\/\/www.kphv.cz\/wp-content\/uploads\/auticko2_6.jpg","url":"https:\/\/www.kphv.cz\/wp-content\/uploads\/auticko2_6.jpg","height":0,"width":0},"keywords":null},{"@type":"Article","@id":"https:\/\/www.kphv.cz\/kde-najit-dobreho-mechanika-pro-auto-nebo-motorku\/","headline":"Kde naj\u00edt dobr\u00e9ho mechanika pro auto nebo motorku?","url":"https:\/\/www.kphv.cz\/kde-najit-dobreho-mechanika-pro-auto-nebo-motorku\/","datePublished":"2022-05-05","dateModified":"2023-05-01","mainEntityOfPage":"https:\/\/www.kphv.cz\/kde-najit-dobreho-mechanika-pro-auto-nebo-motorku\/","author":{"@type":"Person","@id":"https:\/\/www.kphv.cz\/author\/#Person","name":"","url":"https:\/\/www.kphv.cz\/author\/","identifier":1,"image":{"@type":"ImageObject","@id":"https:\/\/secure.gravatar.com\/avatar\/82449f5dd313bdc88befc1a2d3138ce45c5e7d5eeee84221e3cf7fbc184b80d3?s=96&d=mm&r=g","url":"https:\/\/secure.gravatar.com\/avatar\/82449f5dd313bdc88befc1a2d3138ce45c5e7d5eeee84221e3cf7fbc184b80d3?s=96&d=mm&r=g","height":96,"width":96}},"publisher":{"@type":"Organization","name":"kphv.cz","logo":{"@type":"ImageObject","@id":"\/logo.png","url":"\/logo.png","width":600,"height":60}},"image":{"@type":"ImageObject","@id":"https:\/\/www.kphv.cz\/wp-content\/uploads\/mot_10_4.JPG","url":"https:\/\/www.kphv.cz\/wp-content\/uploads\/mot_10_4.JPG","height":0,"width":0},"keywords":null}]}